{"id":364,"date":"2020-02-03T12:28:02","date_gmt":"2020-02-03T11:28:02","guid":{"rendered":"https:\/\/www.sardegnatavola.it\/rivista\/?p=364"},"modified":"2020-02-03T12:28:03","modified_gmt":"2020-02-03T11:28:03","slug":"anna-tifu-sono-golosa-e-il-cibo-sardo-e-musica_di-luca-neri","status":"publish","type":"post","link":"https:\/\/www.sardegnatavola.it\/rivista\/anna-tifu-sono-golosa-e-il-cibo-sardo-e-musica_di-luca-neri\/","title":{"rendered":"Anna Tifu: sono golosa e il cibo sardo \u00e8 musica_di Luca Neri"},"content":{"rendered":"\n<p class=\"has-drop-cap wp-block-paragraph\"><strong>H<\/strong><strong>ai spiccato il volo dalla Sardegna presto: cosa significa il cibo dell\u2019isola a kilometri di distanza?<\/strong><\/p>\n\n\n\n<p class=\"wp-block-paragraph\">Vista la mia golosit\u00e0 significa desiderare di tornare il pi\u00f9 presto possibile!<\/p>\n\n\n\n<p class=\"wp-block-paragraph\">Cerco sempre di portare qualche prodotto sardo con me: ad esempio adoro la bottarga di muggine!&nbsp;<\/p>\n\n\n\n<div class=\"wp-block-image\"><figure class=\"alignleft is-resized\"><img loading=\"lazy\" decoding=\"async\" src=\"https:\/\/www.sardegnatavola.it\/rivista\/wp-content\/uploads\/2020\/02\/Annatifu2.jpg\" alt=\"\" class=\"wp-image-366\" width=\"342\" height=\"304\" srcset=\"https:\/\/www.sardegnatavola.it\/rivista\/wp-content\/uploads\/2020\/02\/Annatifu2.jpg 450w, https:\/\/www.sardegnatavola.it\/rivista\/wp-content\/uploads\/2020\/02\/Annatifu2-300x267.jpg 300w\" sizes=\"auto, (max-width: 342px) 100vw, 342px\" \/><\/figure><\/div>\n\n\n\n<p class=\"wp-block-paragraph\"><strong>Macchina del tempo: cibo e sapori di una volta. Ci racconti quel piatto e quella tavolata di una volta?<\/strong><\/p>\n\n\n\n<p class=\"wp-block-paragraph\">Ci sono state tante tavolate: ricordo in particolare le pietanze di un agriturismo, in Sardegna, dove fui ospitata in occasione di un recital.<\/p>\n\n\n\n<p class=\"wp-block-paragraph\">Cucina casalinga con prodotti esclusivamente di loro produzione, una squisitezza. A ci\u00f2 aggiungiamo il sole e la compagnia.<\/p>\n\n\n\n<p class=\"wp-block-paragraph\">Non nascondo che uno degli aspetti che amo di pi\u00f9 del mio lavoro \u00e8 la cena dopo concerto!&nbsp;<\/p>\n\n\n\n<p class=\"wp-block-paragraph\"><strong>Una professionista come te, spesso in viaggio, quanto tempo e che modo ha di dedicarsi ai fornelli? Con quali risultati?<\/strong><\/p>\n\n\n\n<p class=\"wp-block-paragraph\">Qui sono veloce: non so cucinare! Mi manca anche la voglia oltre al tempo, ma essendo una buonissima forchetta vorrei imparare presto!<\/p>\n\n\n\n<p class=\"wp-block-paragraph\"><strong>C\u2019\u00e8 qualche prodotto della nostra terra a cui proprio non puoi rinunciare?&nbsp;<\/strong><\/p>\n\n\n\n<p class=\"wp-block-paragraph\">Senza ombra di dubbio la bottarga, come ho detto prima, e le ricotte appena fatte, fresche fresche.<\/p>\n\n\n\n<p class=\"wp-block-paragraph\"><strong>Quanto influiscono le tue origini romene nella tua alimentazione? Ci sono dei punti d\u2019unione con la nostra cucina?<\/strong><\/p>\n\n\n\n<p class=\"wp-block-paragraph\">Almeno una-due volte all\u2019anno mi reco in Romania dove la cucina, a parte le ottime carni simili alle nostre, \u00e8 completamente differente, ma ottima: diciamo che quella italiana \u00e8 la pi\u00f9 varia che io conosca. In Romania, al posto dei nostri primi piatti, ci sono delle buonissime \u201cciorbe\u201d ( minestre).<\/p>\n\n\n\n<p class=\"wp-block-paragraph\"><strong>Il piatto preferito, quello che solleva l\u2019umore dopo una giornata pesante.<\/strong><\/p>\n\n\n\n<p class=\"wp-block-paragraph\">Ne ho diversi, adoro gli spaghetti alle arselle e bottarga, ma per tirarmi su non so dire di no ad una crepe con la nutella!<\/p>\n\n\n\n<p class=\"wp-block-paragraph\"><strong>Quale cibo ritieni fondamentale per una sana alimentazione?<\/strong><\/p>\n\n\n\n<p class=\"wp-block-paragraph\">Tanta frutta e verdura: io stessa dovrei ricordarmi di mangiarne pi\u00f9 spesso!<\/p>\n\n\n\n<p class=\"wp-block-paragraph\"><strong>Sei stata sicuramente a cena con \u201cpersonaggi di spicco\u201d. C\u2019\u00e8 un evento o un\u2019occasione che ricordi in modo particolare?<\/strong><\/p>\n\n\n\n<p class=\"wp-block-paragraph\">S\u00ec, tra tanti \u201cpersonaggi di spicco\u201d che mi \u00e8 capitato d\u2019incontrare ricordo un\u2019occasione in particolare in cui Sgarbi dava della capra alla malcapitata di turno!<\/p>\n\n\n\n<p class=\"wp-block-paragraph\"><em>\u00a9Sardegnatavola<\/em><\/p>\n","protected":false},"excerpt":{"rendered":"<p>Hai spiccato il volo dalla Sardegna presto: cosa significa il cibo dell\u2019isola a kilometri di distanza? Vista la mia golosit\u00e0 significa desiderare di tornare il pi\u00f9 presto possibile! Cerco sempre di portare qualche prodotto sardo con me: ad esempio adoro la bottarga di muggine!&nbsp; Macchina del tempo: cibo e sapori di una volta. Ci racconti &hellip;<\/p>\n","protected":false},"author":2,"featured_media":365,"comment_status":"closed","ping_status":"closed","sticky":false,"template":"","format":"standard","meta":{"_exactmetrics_skip_tracking":false,"_exactmetrics_sitenote_active":false,"_exactmetrics_sitenote_note":"","_exactmetrics_sitenote_category":0,"footnotes":""},"categories":[9],"tags":[],"class_list":["post-364","post","type-post","status-publish","format-standard","has-post-thumbnail","","category-a-tavola-con"],"aioseo_notices":[],"_links":{"self":[{"href":"https:\/\/www.sardegnatavola.it\/rivista\/wp-json\/wp\/v2\/posts\/364","targetHints":{"allow":["GET"]}}],"collection":[{"href":"https:\/\/www.sardegnatavola.it\/rivista\/wp-json\/wp\/v2\/posts"}],"about":[{"href":"https:\/\/www.sardegnatavola.it\/rivista\/wp-json\/wp\/v2\/types\/post"}],"author":[{"embeddable":true,"href":"https:\/\/www.sardegnatavola.it\/rivista\/wp-json\/wp\/v2\/users\/2"}],"replies":[{"embeddable":true,"href":"https:\/\/www.sardegnatavola.it\/rivista\/wp-json\/wp\/v2\/comments?post=364"}],"version-history":[{"count":1,"href":"https:\/\/www.sardegnatavola.it\/rivista\/wp-json\/wp\/v2\/posts\/364\/revisions"}],"predecessor-version":[{"id":367,"href":"https:\/\/www.sardegnatavola.it\/rivista\/wp-json\/wp\/v2\/posts\/364\/revisions\/367"}],"wp:featuredmedia":[{"embeddable":true,"href":"https:\/\/www.sardegnatavola.it\/rivista\/wp-json\/wp\/v2\/media\/365"}],"wp:attachment":[{"href":"https:\/\/www.sardegnatavola.it\/rivista\/wp-json\/wp\/v2\/media?parent=364"}],"wp:term":[{"taxonomy":"category","embeddable":true,"href":"https:\/\/www.sardegnatavola.it\/rivista\/wp-json\/wp\/v2\/categories?post=364"},{"taxonomy":"post_tag","embeddable":true,"href":"https:\/\/www.sardegnatavola.it\/rivista\/wp-json\/wp\/v2\/tags?post=364"}],"curies":[{"name":"wp","href":"https:\/\/api.w.org\/{rel}","templated":true}]}}