{"id":351,"date":"2020-02-03T11:52:05","date_gmt":"2020-02-03T10:52:05","guid":{"rendered":"https:\/\/www.sardegnatavola.it\/rivista\/?p=351"},"modified":"2020-02-03T11:52:06","modified_gmt":"2020-02-03T10:52:06","slug":"nelloristanese-feste-e-cibo-da-urlo_di-peppino-marras","status":"publish","type":"post","link":"https:\/\/www.sardegnatavola.it\/rivista\/nelloristanese-feste-e-cibo-da-urlo_di-peppino-marras\/","title":{"rendered":"Nell&#8217;oristanese feste e cibo da urlo_di Peppino Marras"},"content":{"rendered":"\n<p class=\"has-drop-cap wp-block-paragraph\">Se in Sardegna dovessimo individuare un territorio con una spiccata vocazione agricola, questo sarebbe sicuramente l&#8217;oristanese. La sua pianura, solcata e resa fertile dal fiume Tirso, \u00e8 l&#8217;emblema della sua ricchezza. La diversit\u00e0 e la specialit\u00e0 dei suoi prodotti si sposano con la tradizione millenaria. Nella terra dei giganti, dello splendore di Tharros e dell&#8217;orgoglio dei giudici la capacit\u00e0 di produrre e trasformare \u00e8 in mani sicure che custodiscono arti antiche.<\/p>\n\n\n\n<figure class=\"wp-block-image\"><img loading=\"lazy\" decoding=\"async\" width=\"660\" height=\"330\" src=\"https:\/\/www.sardegnatavola.it\/rivista\/wp-content\/uploads\/2020\/02\/SarahPinson2.jpg\" alt=\"\" class=\"wp-image-353\" srcset=\"https:\/\/www.sardegnatavola.it\/rivista\/wp-content\/uploads\/2020\/02\/SarahPinson2.jpg 660w, https:\/\/www.sardegnatavola.it\/rivista\/wp-content\/uploads\/2020\/02\/SarahPinson2-300x150.jpg 300w\" sizes=\"auto, (max-width: 660px) 100vw, 660px\" \/><\/figure>\n\n\n\n<p class=\"wp-block-paragraph\">La diversit\u00e0 del territorio: lagune, colline e fertili pianure in aggiunta ad un mare bello e pescoso, rendono le sue tavole straordinariamente interessanti.<\/p>\n\n\n\n<p class=\"wp-block-paragraph\">Nel mondo, prodotti come la bottarga, la vernaccia, il casizzolu, solo per citarne alcuni, hanno ormai da tempo conquistato i pi\u00f9 esigenti buongustai.<\/p>\n\n\n\n<p class=\"wp-block-paragraph\">La bellezza dei luoghi, la cordialit\u00e0 della gente, la genuinit\u00e0 dei prodotti e la bont\u00e0 delle pietanze raggiunge l&#8217;apice quando incontra le feste, le grandi feste.<\/p>\n\n\n\n<p class=\"wp-block-paragraph\">L&#8217;ardia, sa carrela, la corsa degli scalzi e la sartiglia. Un concentrato di tradizione e passione che non ha eguali, a maggior ragione se si considera che il tutto svolge nel raggio di qualche decina di chilometri.<\/p>\n\n\n\n<p class=\"wp-block-paragraph\">La capitale del regno di Arborea, a carnevale, quando mette insieme la sacralit\u00e0 della sua corsa, i suoi colori, i suoi squilli e rullii, offre anche la sintesi dei suoi sapori. Se il Re per un giorno \u00e8 su cumponidori, regina assoluta \u00e8 la vernaccia.<\/p>\n\n\n\n<p class=\"wp-block-paragraph\">Zippole e dolci di mandorle sembrano nati per sposare questo nettare.<\/p>\n\n\n\n<p class=\"wp-block-paragraph\">Su cumponidori la beve prima di diventare un semidio per la giornata che lo vedr\u00e0, da dietro una magica maschera, orchestrare domenica e marted\u00ec la giostra che da pi\u00f9 di cinquecento anni \u00e8 l&#8217;anima dell&#8217;antica capitale giudicale.<\/p>\n\n\n\n<p class=\"wp-block-paragraph\">La sartiglia arriva ai suoi giorni sacri, dopo un periodo, lungo mesi, durante il quale mani abili creano costumi meravigliosi, cuciscono addobbi per i cavalli e incontri conviviali si ripetono per&nbsp; stringere e disfare alleanze, programmare il futuro, sempre o quasi attorno a tavole imbandite solitamente molto numerose.<\/p>\n\n\n\n<p class=\"wp-block-paragraph\">La Sartiglia \u00e8 un puzzle di sensazioni, emozioni, tradizioni. La sartiglia \u00e8 anche profumi e sapori del territorio gustati in un contesto magico&#8230;<\/p>\n\n\n\n<p class=\"has-small-font-size wp-block-paragraph\"><em>Foto di Sarah Pinson<\/em><\/p>\n\n\n\n<p class=\"has-small-font-size wp-block-paragraph\">\u00a9Sardegnatavola<\/p>\n","protected":false},"excerpt":{"rendered":"<p>Se in Sardegna dovessimo individuare un territorio con una spiccata vocazione agricola, questo sarebbe sicuramente l&#8217;oristanese. La sua pianura, solcata e resa fertile dal fiume Tirso, \u00e8 l&#8217;emblema della sua ricchezza. La diversit\u00e0 e la specialit\u00e0 dei suoi prodotti si sposano con la tradizione millenaria. Nella terra dei giganti, dello splendore di Tharros e dell&#8217;orgoglio &hellip;<\/p>\n","protected":false},"author":2,"featured_media":352,"comment_status":"closed","ping_status":"closed","sticky":false,"template":"","format":"standard","meta":{"_exactmetrics_skip_tracking":false,"_exactmetrics_sitenote_active":false,"_exactmetrics_sitenote_note":"","_exactmetrics_sitenote_category":0,"footnotes":""},"categories":[2],"tags":[],"class_list":["post-351","post","type-post","status-publish","format-standard","has-post-thumbnail","","category-dentro-lisola"],"aioseo_notices":[],"_links":{"self":[{"href":"https:\/\/www.sardegnatavola.it\/rivista\/wp-json\/wp\/v2\/posts\/351","targetHints":{"allow":["GET"]}}],"collection":[{"href":"https:\/\/www.sardegnatavola.it\/rivista\/wp-json\/wp\/v2\/posts"}],"about":[{"href":"https:\/\/www.sardegnatavola.it\/rivista\/wp-json\/wp\/v2\/types\/post"}],"author":[{"embeddable":true,"href":"https:\/\/www.sardegnatavola.it\/rivista\/wp-json\/wp\/v2\/users\/2"}],"replies":[{"embeddable":true,"href":"https:\/\/www.sardegnatavola.it\/rivista\/wp-json\/wp\/v2\/comments?post=351"}],"version-history":[{"count":1,"href":"https:\/\/www.sardegnatavola.it\/rivista\/wp-json\/wp\/v2\/posts\/351\/revisions"}],"predecessor-version":[{"id":354,"href":"https:\/\/www.sardegnatavola.it\/rivista\/wp-json\/wp\/v2\/posts\/351\/revisions\/354"}],"wp:featuredmedia":[{"embeddable":true,"href":"https:\/\/www.sardegnatavola.it\/rivista\/wp-json\/wp\/v2\/media\/352"}],"wp:attachment":[{"href":"https:\/\/www.sardegnatavola.it\/rivista\/wp-json\/wp\/v2\/media?parent=351"}],"wp:term":[{"taxonomy":"category","embeddable":true,"href":"https:\/\/www.sardegnatavola.it\/rivista\/wp-json\/wp\/v2\/categories?post=351"},{"taxonomy":"post_tag","embeddable":true,"href":"https:\/\/www.sardegnatavola.it\/rivista\/wp-json\/wp\/v2\/tags?post=351"}],"curies":[{"name":"wp","href":"https:\/\/api.w.org\/{rel}","templated":true}]}}